{"id":872,"date":"2016-08-25T15:47:11","date_gmt":"2016-08-25T18:47:11","guid":{"rendered":"http:\/\/www.rodriguesfaria.adv.br\/?p=872"},"modified":"2016-08-25T15:47:11","modified_gmt":"2016-08-25T18:47:11","slug":"prejuizos-com-ressacas-podem-ser-indenizados","status":"publish","type":"post","link":"https:\/\/rodriguesfaria.adv.br\/novo\/prejuizos-com-ressacas-podem-ser-indenizados\/","title":{"rendered":"Preju\u00edzos com ressacas podem ser indenizados"},"content":{"rendered":"<p>A cidade de Santos foi atingida por uma forte ressaca no \u00faltimo domingo, 21. A \u00e1gua invadiu a avenida da praia e se estendeu at\u00e9 pr\u00e9dios e clubes, arrastando carros. Foram registrados ventos de 90km\/h na regi\u00e3o e a travessia das balsas entre Santos e Guaruj\u00e1 chegou a ser paralisada.<\/p>\n<p>A eleva\u00e7\u00e3o da mar\u00e9 registrada foi de 2,60 metros. Inicialmente n\u00e3o h\u00e1 que se falar em caso fortuito ou for\u00e7a maior,\u00a0pois estes pressup\u00f5em uma imprevisibilidade, inevitabilidade. O que n\u00e3o \u00e9 o caso. As ressecas, logicamente, n\u00e3o podiam ser evitadas e podiam n\u00e3o ser previs\u00edveis, mas os efeitos que elas produziram n\u00e3o se concretizariam se as medidas pass\u00edveis de execu\u00e7\u00e3o tivessem sido implementadas.<\/p>\n<p>As ressecas constituem circunst\u00e2ncias recorrentes na regi\u00e3o, cujos preju\u00edzos aos mun\u00edcipes foram amplamente divulgados pela imprensa e conhecidos dos administradores p\u00fablicos. N\u00e3o h\u00e1 como a Prefeitura de Santos ignorar a possibilidade de risco \u00e0 popula\u00e7\u00e3o que reside naquela regi\u00e3o.<\/p>\n<p>\u00c9 a Prefeitura, nesse caso, respons\u00e1vel por danos causados pela resseca que, influindo no transbordamento do mar, invadindo o logradouro, atingindo pr\u00e9dios e clubes da regi\u00e3o, danificando-os. Reveste-se o caso de circunst\u00e2ncias especiais que, em seu conjunto, empenham a responsabilidade da Municipalidade, pela sua in\u00e9rcia em atender a uma situa\u00e7\u00e3o que exigia a sua presen\u00e7a para evitar a ocorr\u00eancia. Houve in\u00e9rcia, de sua parte, mesmo diante do clamor e das advert\u00eancias.<\/p>\n<p>No caso dos clubes que oferecem servi\u00e7os de estacionamento, tratando-se de rela\u00e7\u00e3o de consumo, igualmente deveriam tomar todas as medidas necess\u00e1rias para evitar o alagamento no local, bem como avisar os consumidores prontamente para retirada dos ve\u00edculos.<\/p>\n<p>&nbsp;<\/p>\n<p><a href=\"http:\/\/www.rodriguesfaria.adv.br\/wp-content\/uploads\/2016\/08\/14046160_1074704585899917_7922161875005566133_n.png\"><img fetchpriority=\"high\" decoding=\"async\" class=\"aligncenter size-full wp-image-873\" title=\"14046160_1074704585899917_7922161875005566133_n\" src=\"http:\/\/www.rodriguesfaria.adv.br\/wp-content\/uploads\/2016\/08\/14046160_1074704585899917_7922161875005566133_n.png\" alt=\"\" width=\"640\" height=\"640\" \/><\/a><\/p>\n","protected":false},"excerpt":{"rendered":"<p class=\"tx-excerpt\">A cidade de Santos foi atingida por uma forte ressaca no \u00faltimo domingo, 21. A \u00e1gua invadiu a avenida da praia e se estendeu at\u00e9 pr\u00e9dios e clubes, arrastando carros. Foram registrados ventos","protected":false},"author":1,"featured_media":873,"comment_status":"open","ping_status":"open","sticky":false,"template":"","format":"standard","meta":{"om_disable_all_campaigns":false,"_monsterinsights_skip_tracking":false,"_monsterinsights_sitenote_active":false,"_monsterinsights_sitenote_note":"","_monsterinsights_sitenote_category":0,"footnotes":""},"categories":[22],"tags":[38,39,40,41],"class_list":["post-872","post","type-post","status-publish","format-standard","has-post-thumbnail","hentry","category-noticias","tag-indenizacao","tag-prefeitura-santos","tag-ressacas","tag-santos"],"aioseo_notices":[],"_links":{"self":[{"href":"https:\/\/rodriguesfaria.adv.br\/novo\/wp-json\/wp\/v2\/posts\/872","targetHints":{"allow":["GET"]}}],"collection":[{"href":"https:\/\/rodriguesfaria.adv.br\/novo\/wp-json\/wp\/v2\/posts"}],"about":[{"href":"https:\/\/rodriguesfaria.adv.br\/novo\/wp-json\/wp\/v2\/types\/post"}],"author":[{"embeddable":true,"href":"https:\/\/rodriguesfaria.adv.br\/novo\/wp-json\/wp\/v2\/users\/1"}],"replies":[{"embeddable":true,"href":"https:\/\/rodriguesfaria.adv.br\/novo\/wp-json\/wp\/v2\/comments?post=872"}],"version-history":[{"count":0,"href":"https:\/\/rodriguesfaria.adv.br\/novo\/wp-json\/wp\/v2\/posts\/872\/revisions"}],"wp:featuredmedia":[{"embeddable":true,"href":"https:\/\/rodriguesfaria.adv.br\/novo\/wp-json\/"}],"wp:attachment":[{"href":"https:\/\/rodriguesfaria.adv.br\/novo\/wp-json\/wp\/v2\/media?parent=872"}],"wp:term":[{"taxonomy":"category","embeddable":true,"href":"https:\/\/rodriguesfaria.adv.br\/novo\/wp-json\/wp\/v2\/categories?post=872"},{"taxonomy":"post_tag","embeddable":true,"href":"https:\/\/rodriguesfaria.adv.br\/novo\/wp-json\/wp\/v2\/tags?post=872"}],"curies":[{"name":"wp","href":"https:\/\/api.w.org\/{rel}","templated":true}]}}