{"id":868,"date":"2016-08-17T13:57:08","date_gmt":"2016-08-17T16:57:08","guid":{"rendered":"http:\/\/www.rodriguesfaria.adv.br\/?p=868"},"modified":"2016-08-17T13:57:08","modified_gmt":"2016-08-17T16:57:08","slug":"desemprego-na-baixada-santista-aumenta-acoes-trabalhistas","status":"publish","type":"post","link":"https:\/\/rodriguesfaria.adv.br\/novo\/desemprego-na-baixada-santista-aumenta-acoes-trabalhistas\/","title":{"rendered":"Desemprego na Baixada Santista aumenta a\u00e7\u00f5es trabalhistas"},"content":{"rendered":"<p>A Baixada Santista tem o maior \u00edndice de desemprego do estado de S\u00e3o Paulo. Este preocupante panorama causa diminui\u00e7\u00e3o na renda das pessoas e, consequentemente, redu\u00e7\u00e3o de vendas. As demiss\u00f5es est\u00e3o aumentando muito e, com isso, as a\u00e7\u00f5es trabalhistas iniciadas nos tribunais da regi\u00e3o tamb\u00e9m apresentam crescimento. A situa\u00e7\u00e3o mais grave acontece em Cubat\u00e3o. No primeiro semestre de 2015, foram iniciadas 1.598 a\u00e7\u00f5es. No mesmo per\u00edodo de 2016, o n\u00famero saltou para 2.567, um acr\u00e9scimo de 60% na compara\u00e7\u00e3o de um ano com o outro.<\/p>\n<p><a href=\"http:\/\/www.rodriguesfaria.adv.br\/wp-content\/uploads\/2016\/08\/rf.png\"><img fetchpriority=\"high\" decoding=\"async\" class=\"aligncenter size-full wp-image-869\" title=\"rf\" src=\"http:\/\/www.rodriguesfaria.adv.br\/wp-content\/uploads\/2016\/08\/rf.png\" alt=\"\" width=\"640\" height=\"640\" \/><\/a><\/p>\n","protected":false},"excerpt":{"rendered":"<p class=\"tx-excerpt\">A Baixada Santista tem o maior \u00edndice de desemprego do estado de S\u00e3o Paulo. Este preocupante panorama causa diminui\u00e7\u00e3o na renda das pessoas e, consequentemente, redu\u00e7\u00e3o de vendas. As demiss\u00f5es est\u00e3o aumentando muito","protected":false},"author":1,"featured_media":869,"comment_status":"open","ping_status":"open","sticky":false,"template":"","format":"standard","meta":{"om_disable_all_campaigns":false,"_monsterinsights_skip_tracking":false,"_monsterinsights_sitenote_active":false,"_monsterinsights_sitenote_note":"","_monsterinsights_sitenote_category":0,"footnotes":""},"categories":[22],"tags":[35,36,37],"class_list":["post-868","post","type-post","status-publish","format-standard","has-post-thumbnail","hentry","category-noticias","tag-acoes-trabalhistas","tag-baixada-santista","tag-desemprego"],"aioseo_notices":[],"_links":{"self":[{"href":"https:\/\/rodriguesfaria.adv.br\/novo\/wp-json\/wp\/v2\/posts\/868","targetHints":{"allow":["GET"]}}],"collection":[{"href":"https:\/\/rodriguesfaria.adv.br\/novo\/wp-json\/wp\/v2\/posts"}],"about":[{"href":"https:\/\/rodriguesfaria.adv.br\/novo\/wp-json\/wp\/v2\/types\/post"}],"author":[{"embeddable":true,"href":"https:\/\/rodriguesfaria.adv.br\/novo\/wp-json\/wp\/v2\/users\/1"}],"replies":[{"embeddable":true,"href":"https:\/\/rodriguesfaria.adv.br\/novo\/wp-json\/wp\/v2\/comments?post=868"}],"version-history":[{"count":0,"href":"https:\/\/rodriguesfaria.adv.br\/novo\/wp-json\/wp\/v2\/posts\/868\/revisions"}],"wp:featuredmedia":[{"embeddable":true,"href":"https:\/\/rodriguesfaria.adv.br\/novo\/wp-json\/"}],"wp:attachment":[{"href":"https:\/\/rodriguesfaria.adv.br\/novo\/wp-json\/wp\/v2\/media?parent=868"}],"wp:term":[{"taxonomy":"category","embeddable":true,"href":"https:\/\/rodriguesfaria.adv.br\/novo\/wp-json\/wp\/v2\/categories?post=868"},{"taxonomy":"post_tag","embeddable":true,"href":"https:\/\/rodriguesfaria.adv.br\/novo\/wp-json\/wp\/v2\/tags?post=868"}],"curies":[{"name":"wp","href":"https:\/\/api.w.org\/{rel}","templated":true}]}}