{"id":856,"date":"2016-08-03T18:20:42","date_gmt":"2016-08-03T21:20:42","guid":{"rendered":"http:\/\/www.rodriguesfaria.adv.br\/?p=856"},"modified":"2016-08-03T18:20:42","modified_gmt":"2016-08-03T21:20:42","slug":"rf-participa-de-congresso-sobre-direitos-trabalhistas","status":"publish","type":"post","link":"https:\/\/rodriguesfaria.adv.br\/novo\/rf-participa-de-congresso-sobre-direitos-trabalhistas\/","title":{"rendered":"RF participa de congresso sobre direitos trabalhistas"},"content":{"rendered":"<p>A equipe de especialistas da\u00a0<a href=\"https:\/\/www.facebook.com\/hashtag\/rodriguesfariaadvogados?source=feed_text&amp;story_id=1056862491017460\" data-ft=\"{&quot;tn&quot;:&quot;*N&quot;,&quot;type&quot;:104}\">\u202a#\u200eRodriguesFariaAdvogados\u202c<\/a>\u00a0participou do IX Congresso de Advogados de Entidades Sindicais, evento da Federa\u00e7\u00e3o dos Comerci\u00e1rios do Estado de S\u00e3o Paulo. O tema principal foi debater sobre \u201cFraude no Direito do Trabalho &#8211; Pr\u00e1tica Comum e Ilegal\u201d. O evento ocorreu no Centro de Lazer da\u00a0<a href=\"https:\/\/www.facebook.com\/Fecomerciarios\/\" data-hovercard=\"\/ajax\/hovercard\/page.php?id=205594872832597\">Fecomerci\u00e1rios<\/a>, em Praia Grande. O assunto proposto \u00e9 contempor\u00e2neo e necess\u00e1rio por conta da crise econ\u00f4mica e das tentativas do governo e dos empres\u00e1rios de tirar ou reduzir direitos dos trabalhadores.<\/p>\n<p><a href=\"http:\/\/www.rodriguesfaria.adv.br\/wp-content\/uploads\/2016\/08\/13873229_1056862491017460_3674276296578540965_n.png\"><img fetchpriority=\"high\" decoding=\"async\" class=\"aligncenter size-full wp-image-857\" title=\"13873229_1056862491017460_3674276296578540965_n\" src=\"http:\/\/www.rodriguesfaria.adv.br\/wp-content\/uploads\/2016\/08\/13873229_1056862491017460_3674276296578540965_n.png\" alt=\"\" width=\"640\" height=\"640\" \/><\/a><\/p>\n","protected":false},"excerpt":{"rendered":"<p class=\"tx-excerpt\">A equipe de especialistas da\u00a0\u202a#\u200eRodriguesFariaAdvogados\u202c\u00a0participou do IX Congresso de Advogados de Entidades Sindicais, evento da Federa\u00e7\u00e3o dos Comerci\u00e1rios do Estado de S\u00e3o Paulo. O tema principal foi debater sobre \u201cFraude no Direito do","protected":false},"author":1,"featured_media":857,"comment_status":"open","ping_status":"open","sticky":false,"template":"","format":"standard","meta":{"om_disable_all_campaigns":false,"_monsterinsights_skip_tracking":false,"_monsterinsights_sitenote_active":false,"_monsterinsights_sitenote_note":"","_monsterinsights_sitenote_category":0,"footnotes":""},"categories":[22],"tags":[24,28,26,29],"class_list":["post-856","post","type-post","status-publish","format-standard","has-post-thumbnail","hentry","category-noticias","tag-direito","tag-direitos-trabalhistas","tag-rodrigues-faria","tag-trabalho"],"aioseo_notices":[],"_links":{"self":[{"href":"https:\/\/rodriguesfaria.adv.br\/novo\/wp-json\/wp\/v2\/posts\/856","targetHints":{"allow":["GET"]}}],"collection":[{"href":"https:\/\/rodriguesfaria.adv.br\/novo\/wp-json\/wp\/v2\/posts"}],"about":[{"href":"https:\/\/rodriguesfaria.adv.br\/novo\/wp-json\/wp\/v2\/types\/post"}],"author":[{"embeddable":true,"href":"https:\/\/rodriguesfaria.adv.br\/novo\/wp-json\/wp\/v2\/users\/1"}],"replies":[{"embeddable":true,"href":"https:\/\/rodriguesfaria.adv.br\/novo\/wp-json\/wp\/v2\/comments?post=856"}],"version-history":[{"count":0,"href":"https:\/\/rodriguesfaria.adv.br\/novo\/wp-json\/wp\/v2\/posts\/856\/revisions"}],"wp:featuredmedia":[{"embeddable":true,"href":"https:\/\/rodriguesfaria.adv.br\/novo\/wp-json\/"}],"wp:attachment":[{"href":"https:\/\/rodriguesfaria.adv.br\/novo\/wp-json\/wp\/v2\/media?parent=856"}],"wp:term":[{"taxonomy":"category","embeddable":true,"href":"https:\/\/rodriguesfaria.adv.br\/novo\/wp-json\/wp\/v2\/categories?post=856"},{"taxonomy":"post_tag","embeddable":true,"href":"https:\/\/rodriguesfaria.adv.br\/novo\/wp-json\/wp\/v2\/tags?post=856"}],"curies":[{"name":"wp","href":"https:\/\/api.w.org\/{rel}","templated":true}]}}