{"id":852,"date":"2016-07-29T17:51:13","date_gmt":"2016-07-29T20:51:13","guid":{"rendered":"http:\/\/www.rodriguesfaria.adv.br\/?p=852"},"modified":"2016-07-29T17:51:13","modified_gmt":"2016-07-29T20:51:13","slug":"dra-luciana-faria-fala-sobre-seguro-desemprego-para-a-record-litoral","status":"publish","type":"post","link":"https:\/\/rodriguesfaria.adv.br\/novo\/dra-luciana-faria-fala-sobre-seguro-desemprego-para-a-record-litoral\/","title":{"rendered":"Dra. Luciana Faria fala sobre seguro-desemprego para a Record Litoral"},"content":{"rendered":"<p>Trabalhadores demitidos tem sido obrigados a aguardar durante meses para conseguir receber o seguro desemprego. Entrar na Justi\u00e7a para solicitar o benef\u00edcio pode ser uma op\u00e7\u00e3o. Veja na reportagem da Record Litoral, que teve a advogada da \u202a\u200eRodrigues Faria Advogados\u202c, Dra. Luciana Faria, como entrevistada.<\/p>\n<p><iframe src=\"https:\/\/www.youtube.com\/embed\/deKr20mdcDY\" frameborder=\"0\" width=\"560\" height=\"315\"><\/iframe><\/p>\n","protected":false},"excerpt":{"rendered":"<p class=\"tx-excerpt\">Trabalhadores demitidos tem sido obrigados a aguardar durante meses para conseguir receber o seguro desemprego. Entrar na Justi\u00e7a para solicitar o benef\u00edcio pode ser uma op\u00e7\u00e3o. Veja na reportagem da Record Litoral, que","protected":false},"author":1,"featured_media":0,"comment_status":"open","ping_status":"open","sticky":false,"template":"","format":"standard","meta":{"om_disable_all_campaigns":false,"_monsterinsights_skip_tracking":false,"_monsterinsights_sitenote_active":false,"_monsterinsights_sitenote_note":"","_monsterinsights_sitenote_category":0,"footnotes":""},"categories":[23],"tags":[],"class_list":["post-852","post","type-post","status-publish","format-standard","hentry","category-videos"],"aioseo_notices":[],"_links":{"self":[{"href":"https:\/\/rodriguesfaria.adv.br\/novo\/wp-json\/wp\/v2\/posts\/852","targetHints":{"allow":["GET"]}}],"collection":[{"href":"https:\/\/rodriguesfaria.adv.br\/novo\/wp-json\/wp\/v2\/posts"}],"about":[{"href":"https:\/\/rodriguesfaria.adv.br\/novo\/wp-json\/wp\/v2\/types\/post"}],"author":[{"embeddable":true,"href":"https:\/\/rodriguesfaria.adv.br\/novo\/wp-json\/wp\/v2\/users\/1"}],"replies":[{"embeddable":true,"href":"https:\/\/rodriguesfaria.adv.br\/novo\/wp-json\/wp\/v2\/comments?post=852"}],"version-history":[{"count":0,"href":"https:\/\/rodriguesfaria.adv.br\/novo\/wp-json\/wp\/v2\/posts\/852\/revisions"}],"wp:attachment":[{"href":"https:\/\/rodriguesfaria.adv.br\/novo\/wp-json\/wp\/v2\/media?parent=852"}],"wp:term":[{"taxonomy":"category","embeddable":true,"href":"https:\/\/rodriguesfaria.adv.br\/novo\/wp-json\/wp\/v2\/categories?post=852"},{"taxonomy":"post_tag","embeddable":true,"href":"https:\/\/rodriguesfaria.adv.br\/novo\/wp-json\/wp\/v2\/tags?post=852"}],"curies":[{"name":"wp","href":"https:\/\/api.w.org\/{rel}","templated":true}]}}