{"id":847,"date":"2016-07-19T18:43:39","date_gmt":"2016-07-19T21:43:39","guid":{"rendered":"http:\/\/www.rodriguesfaria.adv.br\/?p=847"},"modified":"2016-07-19T18:43:39","modified_gmt":"2016-07-19T21:43:39","slug":"fique-atento-nas-mudancas-do-seguro-desemprego","status":"publish","type":"post","link":"https:\/\/rodriguesfaria.adv.br\/novo\/fique-atento-nas-mudancas-do-seguro-desemprego\/","title":{"rendered":"Fique atento nas mudan\u00e7as do seguro desemprego"},"content":{"rendered":"<p><a href=\"http:\/\/www.rodriguesfaria.adv.br\/wp-content\/uploads\/2016\/07\/seguro.png\"><img fetchpriority=\"high\" decoding=\"async\" class=\"size-full wp-image-848 aligncenter\" title=\"seguro\" src=\"http:\/\/www.rodriguesfaria.adv.br\/wp-content\/uploads\/2016\/07\/seguro.png\" alt=\"\" width=\"480\" height=\"480\" \/><\/a><\/p>\n<p>Ocorreram algumas mudan\u00e7as significativas no Seguro Desemprego e voc\u00ea precisa estar ciente das novidades do benef\u00edcio. Com as altera\u00e7\u00f5es, o governo visou diminuir as despesas da Uni\u00e3o e passou a informatizar, no in\u00edcio do ano, o procedimento de protocolamento do pedido de concess\u00e3o do Seguro Desemprego, atrav\u00e9s do SAA (Sistema de Agendamento Agendado), cujo acesso eletr\u00f4nico \u00e9 atrav\u00e9s do site do Minist\u00e9rio do Trabalho. Mas o sistema tem apresentado atrasos de agendamento de at\u00e9 seis meses devido ao grande n\u00famero de pessoas dispensadas no pa\u00eds por causa da crise econ\u00f4mica. A alternativa neste caso \u00e9 entrar com uma a\u00e7\u00e3o junto \u00e0 Justi\u00e7a Federal e juizados com um pedido de tutela de urg\u00eancia para a an\u00e1lise de imediato na concess\u00e3o do benef\u00edcio.<\/p>\n<p>&nbsp;<\/p>\n","protected":false},"excerpt":{"rendered":"<p class=\"tx-excerpt\">Ocorreram algumas mudan\u00e7as significativas no Seguro Desemprego e voc\u00ea precisa estar ciente das novidades do benef\u00edcio. Com as altera\u00e7\u00f5es, o governo visou diminuir as despesas da Uni\u00e3o e passou a informatizar, no in\u00edcio","protected":false},"author":1,"featured_media":848,"comment_status":"open","ping_status":"open","sticky":false,"template":"","format":"standard","meta":{"om_disable_all_campaigns":false,"_monsterinsights_skip_tracking":false,"_monsterinsights_sitenote_active":false,"_monsterinsights_sitenote_note":"","_monsterinsights_sitenote_category":0,"footnotes":""},"categories":[22],"tags":[24,26,27],"class_list":["post-847","post","type-post","status-publish","format-standard","has-post-thumbnail","hentry","category-noticias","tag-direito","tag-rodrigues-faria","tag-seguro-desemprego"],"aioseo_notices":[],"_links":{"self":[{"href":"https:\/\/rodriguesfaria.adv.br\/novo\/wp-json\/wp\/v2\/posts\/847","targetHints":{"allow":["GET"]}}],"collection":[{"href":"https:\/\/rodriguesfaria.adv.br\/novo\/wp-json\/wp\/v2\/posts"}],"about":[{"href":"https:\/\/rodriguesfaria.adv.br\/novo\/wp-json\/wp\/v2\/types\/post"}],"author":[{"embeddable":true,"href":"https:\/\/rodriguesfaria.adv.br\/novo\/wp-json\/wp\/v2\/users\/1"}],"replies":[{"embeddable":true,"href":"https:\/\/rodriguesfaria.adv.br\/novo\/wp-json\/wp\/v2\/comments?post=847"}],"version-history":[{"count":0,"href":"https:\/\/rodriguesfaria.adv.br\/novo\/wp-json\/wp\/v2\/posts\/847\/revisions"}],"wp:featuredmedia":[{"embeddable":true,"href":"https:\/\/rodriguesfaria.adv.br\/novo\/wp-json\/"}],"wp:attachment":[{"href":"https:\/\/rodriguesfaria.adv.br\/novo\/wp-json\/wp\/v2\/media?parent=847"}],"wp:term":[{"taxonomy":"category","embeddable":true,"href":"https:\/\/rodriguesfaria.adv.br\/novo\/wp-json\/wp\/v2\/categories?post=847"},{"taxonomy":"post_tag","embeddable":true,"href":"https:\/\/rodriguesfaria.adv.br\/novo\/wp-json\/wp\/v2\/tags?post=847"}],"curies":[{"name":"wp","href":"https:\/\/api.w.org\/{rel}","templated":true}]}}