{"id":753,"date":"2016-06-01T20:54:23","date_gmt":"2016-06-01T20:54:23","guid":{"rendered":"http:\/\/www.rodriguesfaria.adv.br\/?p=753"},"modified":"2016-06-01T20:54:23","modified_gmt":"2016-06-01T20:54:23","slug":"alerta-cobranca-indevida-do-icms-na-conta-de-luz","status":"publish","type":"post","link":"https:\/\/rodriguesfaria.adv.br\/novo\/alerta-cobranca-indevida-do-icms-na-conta-de-luz\/","title":{"rendered":"Alerta: cobran\u00e7a indevida do ICMS na conta de luz"},"content":{"rendered":"<p>O Governo do Estado cobra mais do que deveria pelo ICMS na conta de luz. A arrecada\u00e7\u00e3o equivocada faz com que as pessoas paguem at\u00e9 35% a mais na tarifa de energia el\u00e9trica, \u00c9 poss\u00edvel conseguir na Justi\u00e7a a redu\u00e7\u00e3o do valor e a devolu\u00e7\u00e3o do que foi pago indevidamente nos \u00faltimos cinco anos. Os consumidores podem ingressar com a\u00e7\u00f5es judiciais de recupera\u00e7\u00e3o de cobran\u00e7a indevida. Calcula-se que o consumidor pague entre 20% a 35% a mais todo m\u00eas por causa deste acr\u00e9scimo ilegal na conta de luz. O ICMS somente pode ser cobrado sobre a circula\u00e7\u00e3o de mercadorias, isto \u00e9, sobre a entrega de energia ao consumidor e n\u00e3o sobre o sistema de distribui\u00e7\u00e3o e transmiss\u00e3o desta energia.<br \/>\n<iframe src=\"https:\/\/www.youtube.com\/embed\/ZAVCkbWtt3E\" frameborder=\"0\" width=\"560\" height=\"315\"><\/iframe><\/p>\n","protected":false},"excerpt":{"rendered":"<p class=\"tx-excerpt\">O Governo do Estado cobra mais do que deveria pelo ICMS na conta de luz. A arrecada\u00e7\u00e3o equivocada faz com que as pessoas paguem at\u00e9 35% a mais na tarifa de energia el\u00e9trica,","protected":false},"author":1,"featured_media":0,"comment_status":"open","ping_status":"open","sticky":false,"template":"","format":"standard","meta":{"om_disable_all_campaigns":false,"_monsterinsights_skip_tracking":false,"_monsterinsights_sitenote_active":false,"_monsterinsights_sitenote_note":"","_monsterinsights_sitenote_category":0,"footnotes":""},"categories":[23],"tags":[],"class_list":["post-753","post","type-post","status-publish","format-standard","hentry","category-videos"],"aioseo_notices":[],"_links":{"self":[{"href":"https:\/\/rodriguesfaria.adv.br\/novo\/wp-json\/wp\/v2\/posts\/753","targetHints":{"allow":["GET"]}}],"collection":[{"href":"https:\/\/rodriguesfaria.adv.br\/novo\/wp-json\/wp\/v2\/posts"}],"about":[{"href":"https:\/\/rodriguesfaria.adv.br\/novo\/wp-json\/wp\/v2\/types\/post"}],"author":[{"embeddable":true,"href":"https:\/\/rodriguesfaria.adv.br\/novo\/wp-json\/wp\/v2\/users\/1"}],"replies":[{"embeddable":true,"href":"https:\/\/rodriguesfaria.adv.br\/novo\/wp-json\/wp\/v2\/comments?post=753"}],"version-history":[{"count":0,"href":"https:\/\/rodriguesfaria.adv.br\/novo\/wp-json\/wp\/v2\/posts\/753\/revisions"}],"wp:attachment":[{"href":"https:\/\/rodriguesfaria.adv.br\/novo\/wp-json\/wp\/v2\/media?parent=753"}],"wp:term":[{"taxonomy":"category","embeddable":true,"href":"https:\/\/rodriguesfaria.adv.br\/novo\/wp-json\/wp\/v2\/categories?post=753"},{"taxonomy":"post_tag","embeddable":true,"href":"https:\/\/rodriguesfaria.adv.br\/novo\/wp-json\/wp\/v2\/tags?post=753"}],"curies":[{"name":"wp","href":"https:\/\/api.w.org\/{rel}","templated":true}]}}