{"id":662,"date":"2016-04-01T15:58:38","date_gmt":"2016-04-01T15:58:38","guid":{"rendered":"http:\/\/www.rodriguesfaria.adv.br\/?p=662"},"modified":"2016-04-01T15:58:38","modified_gmt":"2016-04-01T15:58:38","slug":"dia-mundial-da-agua","status":"publish","type":"post","link":"https:\/\/rodriguesfaria.adv.br\/novo\/dia-mundial-da-agua\/","title":{"rendered":"Dia Mundial da \u00c1gua"},"content":{"rendered":"<p>Dia de celebrar a import\u00e2ncia da \u00e1gua! N\u00e3o se esque\u00e7a de beber 2 litros dela por dia, mas tamb\u00e9m racionar, mesmo com o Brasil possuindo a maior quantidade de \u00e1gua doce do mundo. \u202a#\u200eDiaMundialDa\u00c1gua\u202c<br \/>\n<a href=\"http:\/\/www.rodriguesfaria.adv.br\/wp-content\/uploads\/2016\/04\/10392202_977704135599963_3728564189090051923_n.png\"><img fetchpriority=\"high\" decoding=\"async\" src=\"http:\/\/www.rodriguesfaria.adv.br\/wp-content\/uploads\/2016\/04\/10392202_977704135599963_3728564189090051923_n.png\" alt=\"\" title=\"Dia Mundial da \u00c1gua\" width=\"480\" height=\"480\" class=\"aligncenter size-full wp-image-663\" \/><\/a><\/p>\n","protected":false},"excerpt":{"rendered":"<p class=\"tx-excerpt\">Dia de celebrar a import\u00e2ncia da \u00e1gua! N\u00e3o se esque\u00e7a de beber 2 litros dela por dia, mas tamb\u00e9m racionar, mesmo com o Brasil possuindo a maior quantidade de \u00e1gua doce do mundo.","protected":false},"author":1,"featured_media":663,"comment_status":"open","ping_status":"open","sticky":false,"template":"","format":"standard","meta":{"om_disable_all_campaigns":false,"_monsterinsights_skip_tracking":false,"_monsterinsights_sitenote_active":false,"_monsterinsights_sitenote_note":"","_monsterinsights_sitenote_category":0,"footnotes":""},"categories":[22],"tags":[],"class_list":["post-662","post","type-post","status-publish","format-standard","has-post-thumbnail","hentry","category-noticias"],"aioseo_notices":[],"_links":{"self":[{"href":"https:\/\/rodriguesfaria.adv.br\/novo\/wp-json\/wp\/v2\/posts\/662","targetHints":{"allow":["GET"]}}],"collection":[{"href":"https:\/\/rodriguesfaria.adv.br\/novo\/wp-json\/wp\/v2\/posts"}],"about":[{"href":"https:\/\/rodriguesfaria.adv.br\/novo\/wp-json\/wp\/v2\/types\/post"}],"author":[{"embeddable":true,"href":"https:\/\/rodriguesfaria.adv.br\/novo\/wp-json\/wp\/v2\/users\/1"}],"replies":[{"embeddable":true,"href":"https:\/\/rodriguesfaria.adv.br\/novo\/wp-json\/wp\/v2\/comments?post=662"}],"version-history":[{"count":0,"href":"https:\/\/rodriguesfaria.adv.br\/novo\/wp-json\/wp\/v2\/posts\/662\/revisions"}],"wp:featuredmedia":[{"embeddable":true,"href":"https:\/\/rodriguesfaria.adv.br\/novo\/wp-json\/"}],"wp:attachment":[{"href":"https:\/\/rodriguesfaria.adv.br\/novo\/wp-json\/wp\/v2\/media?parent=662"}],"wp:term":[{"taxonomy":"category","embeddable":true,"href":"https:\/\/rodriguesfaria.adv.br\/novo\/wp-json\/wp\/v2\/categories?post=662"},{"taxonomy":"post_tag","embeddable":true,"href":"https:\/\/rodriguesfaria.adv.br\/novo\/wp-json\/wp\/v2\/tags?post=662"}],"curies":[{"name":"wp","href":"https:\/\/api.w.org\/{rel}","templated":true}]}}