{"id":2036,"date":"2024-10-17T15:44:29","date_gmt":"2024-10-17T15:44:29","guid":{"rendered":"https:\/\/rodriguesfaria.adv.br\/novo\/?p=2036"},"modified":"2024-10-18T20:31:06","modified_gmt":"2024-10-18T20:31:06","slug":"greve-dos-servidores-do-inss-desde-julho-afeta-segurados","status":"publish","type":"post","link":"https:\/\/rodriguesfaria.adv.br\/novo\/greve-dos-servidores-do-inss-desde-julho-afeta-segurados\/","title":{"rendered":"Greve dos servidores do INSS desde Julho, afeta segurados."},"content":{"rendered":"\n<p><strong>Greve dos Servidores do INSS desde Julho: Como isso Afeta os Segurados?<\/strong><\/p>\n\n\n\n<p>Desde o m\u00eas de julho, a greve dos servidores do INSS tem causado grandes transtornos para os segurados que dependem dos servi\u00e7os previdenci\u00e1rios em Santos, Guaruj\u00e1 e toda a Baixada Santista. A paralisa\u00e7\u00e3o, que se arrasta h\u00e1 meses, afeta diretamente a an\u00e1lise de benef\u00edcios como aposentadorias, pens\u00f5es e aux\u00edlios, al\u00e9m de atrasar o andamento de processos e recursos administrativos.<\/p>\n\n\n\n<p>A Dr\u00aa Adriana Faria, especialista em direito previdenci\u00e1rio e s\u00f3cia da <strong>Rodrigues Faria Advogados em Santos<\/strong>, destaca as dificuldades enfrentadas pelos segurados neste cen\u00e1rio. &#8220;A falta de atendimento adequado n\u00e3o s\u00f3 prolonga a ang\u00fastia de quem aguarda respostas do INSS, como tamb\u00e9m gera preju\u00edzos financeiros e de sa\u00fade para muitas fam\u00edlias. O acesso aos direitos previdenci\u00e1rios \u00e9 essencial, e a demora compromete a dignidade do cidad\u00e3o&#8221;, afirma a advogada.<\/p>\n\n\n\n<p><strong>Impactos da Greve no Atendimento do INSS<\/strong><\/p>\n\n\n\n<p>Com a greve, os segurados encontram barreiras para dar continuidade aos processos em andamento, sendo necess\u00e1rio um esfor\u00e7o extra para garantir que seus direitos n\u00e3o sejam lesados. De acordo com a Dr\u00aa Adriana, muitos segurados acabam desistindo ou enfrentam dificuldades para contatar o INSS durante esse per\u00edodo, o que piora ainda mais a situa\u00e7\u00e3o.<\/p>\n\n\n\n<p>Nos escrit\u00f3rios de advocacia especializados em <strong>direito previdenci\u00e1rio em Santos<\/strong>, como o Rodrigues Faria, tem havido um aumento significativo na procura por solu\u00e7\u00f5es legais que garantam o cumprimento dos prazos administrativos e evitem maiores preju\u00edzos. &#8220;N\u00f3s estamos orientando os segurados sobre os passos a seguir e como proceder judicialmente, se necess\u00e1rio&#8221;, ressalta Adriana.<\/p>\n\n\n\n<p><strong>O que os Segurados Podem Fazer?<\/strong><\/p>\n\n\n\n<p>Para aqueles que precisam de orienta\u00e7\u00e3o ou assist\u00eancia para lidar com as consequ\u00eancias da greve do INSS, a <strong>Rodrigues Faria Advogados<\/strong> oferece <strong>atendimento para INSS em Santos e Guaruj\u00e1<\/strong>, com o objetivo de defender os direitos dos segurados. Com um acompanhamento especializado, \u00e9 poss\u00edvel buscar medidas jur\u00eddicas que garantam a an\u00e1lise dos benef\u00edcios ou mesmo a antecipa\u00e7\u00e3o dos direitos por meio de a\u00e7\u00f5es judiciais.<\/p>\n\n\n\n<p>Se voc\u00ea est\u00e1 passando por dificuldades devido \u00e0 greve dos servidores do INSS ou tem d\u00favidas sobre seus direitos, entre em contato com a nossa equipe. Oferecemos um atendimento especializado para <strong>aposentadorias, pens\u00f5es e outros benef\u00edcios previdenci\u00e1rios<\/strong>, ajudando a popula\u00e7\u00e3o da <strong>Baixada Santista<\/strong> a ter acesso ao que \u00e9 seu por direito.<\/p>\n\n\n\n<figure class=\"wp-block-embed is-type-video is-provider-youtube wp-block-embed-youtube wp-embed-aspect-16-9 wp-has-aspect-ratio\"><div class=\"wp-block-embed__wrapper\">\n<iframe title=\"RODRIGUES FARIA INSS 14\/10\/24\" width=\"500\" height=\"281\" src=\"https:\/\/www.youtube.com\/embed\/clDdNL2qdA4?feature=oembed\" frameborder=\"0\" allow=\"accelerometer; autoplay; clipboard-write; encrypted-media; gyroscope; picture-in-picture; web-share\" referrerpolicy=\"strict-origin-when-cross-origin\" allowfullscreen><\/iframe>\n<\/div><\/figure>\n\n\n\n<p><\/p>\n","protected":false},"excerpt":{"rendered":"<p class=\"tx-excerpt\">Greve dos Servidores do INSS desde Julho: Como isso Afeta os Segurados? Desde o m\u00eas de julho, a greve dos servidores do INSS tem causado grandes transtornos para os segurados que dependem dos","protected":false},"author":1,"featured_media":2037,"comment_status":"open","ping_status":"open","sticky":false,"template":"","format":"standard","meta":{"om_disable_all_campaigns":false,"_monsterinsights_skip_tracking":false,"_monsterinsights_sitenote_active":false,"_monsterinsights_sitenote_note":"","_monsterinsights_sitenote_category":0,"footnotes":""},"categories":[1],"tags":[],"class_list":["post-2036","post","type-post","status-publish","format-standard","has-post-thumbnail","hentry","category-uncategorized"],"aioseo_notices":[],"_links":{"self":[{"href":"https:\/\/rodriguesfaria.adv.br\/novo\/wp-json\/wp\/v2\/posts\/2036","targetHints":{"allow":["GET"]}}],"collection":[{"href":"https:\/\/rodriguesfaria.adv.br\/novo\/wp-json\/wp\/v2\/posts"}],"about":[{"href":"https:\/\/rodriguesfaria.adv.br\/novo\/wp-json\/wp\/v2\/types\/post"}],"author":[{"embeddable":true,"href":"https:\/\/rodriguesfaria.adv.br\/novo\/wp-json\/wp\/v2\/users\/1"}],"replies":[{"embeddable":true,"href":"https:\/\/rodriguesfaria.adv.br\/novo\/wp-json\/wp\/v2\/comments?post=2036"}],"version-history":[{"count":1,"href":"https:\/\/rodriguesfaria.adv.br\/novo\/wp-json\/wp\/v2\/posts\/2036\/revisions"}],"predecessor-version":[{"id":2038,"href":"https:\/\/rodriguesfaria.adv.br\/novo\/wp-json\/wp\/v2\/posts\/2036\/revisions\/2038"}],"wp:featuredmedia":[{"embeddable":true,"href":"https:\/\/rodriguesfaria.adv.br\/novo\/wp-json\/wp\/v2\/media\/2037"}],"wp:attachment":[{"href":"https:\/\/rodriguesfaria.adv.br\/novo\/wp-json\/wp\/v2\/media?parent=2036"}],"wp:term":[{"taxonomy":"category","embeddable":true,"href":"https:\/\/rodriguesfaria.adv.br\/novo\/wp-json\/wp\/v2\/categories?post=2036"},{"taxonomy":"post_tag","embeddable":true,"href":"https:\/\/rodriguesfaria.adv.br\/novo\/wp-json\/wp\/v2\/tags?post=2036"}],"curies":[{"name":"wp","href":"https:\/\/api.w.org\/{rel}","templated":true}]}}