{"id":1495,"date":"2023-08-14T16:10:28","date_gmt":"2023-08-14T16:10:28","guid":{"rendered":"https:\/\/rodriguesfaria.adv.br\/novo\/?p=1495"},"modified":"2023-08-25T21:10:37","modified_gmt":"2023-08-25T21:10:37","slug":"isencao-do-posto-de-renda-2023-24-dra-adriana-faria-bdc-20230809-2","status":"publish","type":"post","link":"https:\/\/rodriguesfaria.adv.br\/novo\/isencao-do-posto-de-renda-2023-24-dra-adriana-faria-bdc-20230809-2\/","title":{"rendered":"Isen\u00e7\u00e3o do imposto de renda 2023\/24 &#8211; Dr\u00aa Adriana Faria"},"content":{"rendered":"\n<p>Descubra tudo o que voc\u00ea precisa saber sobre a Isen\u00e7\u00e3o do Imposto de Renda para o ano de 2023\/24 com a renomada especialista Dra. Adriana Faria. Neste v\u00eddeo, voc\u00ea ter\u00e1 acesso a insights valiosos e orienta\u00e7\u00f5es precisas sobre como garantir que voc\u00ea esteja no caminho certo para obter a isen\u00e7\u00e3o fiscal que merece.<\/p>\n\n\n\n<p>A <strong>Dra. Adriana Faria<\/strong>, com sua vasta experi\u00eancia na \u00e1rea tribut\u00e1ria, ir\u00e1 compartilhar insights atualizados sobre os requisitos e crit\u00e9rios para a isen\u00e7\u00e3o do Imposto de Renda. Ela explicar\u00e1 detalhadamente as mudan\u00e7as mais recentes na legisla\u00e7\u00e3o, bem como as diferentes categorias de isen\u00e7\u00e3o dispon\u00edveis para os contribuintes.<\/p>\n\n\n\n<p>Al\u00e9m disso, voc\u00ea receber\u00e1 dicas pr\u00e1ticas sobre como organizar seus documentos, preencher corretamente os formul\u00e1rios e garantir que sua solicita\u00e7\u00e3o de isen\u00e7\u00e3o seja processada de forma eficiente. A Dra. Adriana tamb\u00e9m discutir\u00e1 cen\u00e1rios comuns que podem tornar voc\u00ea eleg\u00edvel para a isen\u00e7\u00e3o, para que voc\u00ea esteja completamente informado sobre todas as op\u00e7\u00f5es dispon\u00edveis.<\/p>\n\n\n\n<p>Este v\u00eddeo \u00e9 uma oportunidade \u00fanica para aprender com uma especialista respeitada no campo tribut\u00e1rio. Prepare suas perguntas e esteja pronto para obter respostas esclarecedoras que o ajudar\u00e3o a navegar com confian\u00e7a pelo processo de isen\u00e7\u00e3o do Imposto de Renda.<\/p>\n\n\n\n<p>Assista ao v\u00eddeo completo e fortale\u00e7a seu conhecimento sobre isen\u00e7\u00e3o do Imposto de Renda com a Dra. Adriana Faria, uma refer\u00eancia confi\u00e1vel e experiente. N\u00e3o perca essa chance de garantir que voc\u00ea esteja no controle de suas obriga\u00e7\u00f5es fiscais e maximize suas economias para o pr\u00f3ximo ano fiscal<\/p>\n\n\n\n<figure class=\"wp-block-embed is-type-video is-provider-youtube wp-block-embed-youtube wp-embed-aspect-16-9 wp-has-aspect-ratio\"><div class=\"wp-block-embed__wrapper\">\n<iframe title=\"BDC 20230809 2\" width=\"500\" height=\"281\" src=\"https:\/\/www.youtube.com\/embed\/1vNHJY5Pqb8?feature=oembed\" frameborder=\"0\" allow=\"accelerometer; autoplay; clipboard-write; encrypted-media; gyroscope; picture-in-picture; web-share\" referrerpolicy=\"strict-origin-when-cross-origin\" allowfullscreen><\/iframe>\n<\/div><\/figure>\n","protected":false},"excerpt":{"rendered":"<p class=\"tx-excerpt\">Descubra tudo o que voc\u00ea precisa saber sobre a Isen\u00e7\u00e3o do Imposto de Renda para o ano de 2023\/24 com a renomada especialista Dra. Adriana Faria. Neste v\u00eddeo, voc\u00ea ter\u00e1 acesso a insights","protected":false},"author":1,"featured_media":1496,"comment_status":"open","ping_status":"open","sticky":false,"template":"","format":"standard","meta":{"om_disable_all_campaigns":false,"_monsterinsights_skip_tracking":false,"_monsterinsights_sitenote_active":false,"_monsterinsights_sitenote_note":"","_monsterinsights_sitenote_category":0,"footnotes":""},"categories":[22,23],"tags":[],"class_list":["post-1495","post","type-post","status-publish","format-standard","has-post-thumbnail","hentry","category-noticias","category-videos"],"aioseo_notices":[],"_links":{"self":[{"href":"https:\/\/rodriguesfaria.adv.br\/novo\/wp-json\/wp\/v2\/posts\/1495","targetHints":{"allow":["GET"]}}],"collection":[{"href":"https:\/\/rodriguesfaria.adv.br\/novo\/wp-json\/wp\/v2\/posts"}],"about":[{"href":"https:\/\/rodriguesfaria.adv.br\/novo\/wp-json\/wp\/v2\/types\/post"}],"author":[{"embeddable":true,"href":"https:\/\/rodriguesfaria.adv.br\/novo\/wp-json\/wp\/v2\/users\/1"}],"replies":[{"embeddable":true,"href":"https:\/\/rodriguesfaria.adv.br\/novo\/wp-json\/wp\/v2\/comments?post=1495"}],"version-history":[{"count":3,"href":"https:\/\/rodriguesfaria.adv.br\/novo\/wp-json\/wp\/v2\/posts\/1495\/revisions"}],"predecessor-version":[{"id":1548,"href":"https:\/\/rodriguesfaria.adv.br\/novo\/wp-json\/wp\/v2\/posts\/1495\/revisions\/1548"}],"wp:featuredmedia":[{"embeddable":true,"href":"https:\/\/rodriguesfaria.adv.br\/novo\/wp-json\/wp\/v2\/media\/1496"}],"wp:attachment":[{"href":"https:\/\/rodriguesfaria.adv.br\/novo\/wp-json\/wp\/v2\/media?parent=1495"}],"wp:term":[{"taxonomy":"category","embeddable":true,"href":"https:\/\/rodriguesfaria.adv.br\/novo\/wp-json\/wp\/v2\/categories?post=1495"},{"taxonomy":"post_tag","embeddable":true,"href":"https:\/\/rodriguesfaria.adv.br\/novo\/wp-json\/wp\/v2\/tags?post=1495"}],"curies":[{"name":"wp","href":"https:\/\/api.w.org\/{rel}","templated":true}]}}