{"id":1435,"date":"2023-08-08T03:40:04","date_gmt":"2023-08-08T03:40:04","guid":{"rendered":"https:\/\/rodriguesfaria.adv.br\/novo\/?p=1435"},"modified":"2023-09-12T18:03:09","modified_gmt":"2023-09-12T18:03:09","slug":"homem-e-condenado-a-pagar-danos-morais-por-ofensas-a-advogada-em-redes-sociais","status":"publish","type":"post","link":"https:\/\/rodriguesfaria.adv.br\/novo\/homem-e-condenado-a-pagar-danos-morais-por-ofensas-a-advogada-em-redes-sociais\/","title":{"rendered":"Homem \u00e9 condenado a pagar danos morais por ofensas a advogada em redes sociais"},"content":{"rendered":"\n<p><em>Decis\u00e3o da Justi\u00e7a de Santos.<\/em><\/p>\n\n\n\n<p>A 4\u00aa Vara C\u00edvel da Comarca de Santos condenou um homem a pagar indeniza\u00e7\u00e3o por danos morais fixada em R$ 10 mil devido \u00e0 divulga\u00e7\u00e3o de conte\u00fado difamat\u00f3rio em uma rede social contra sua antiga advogada.<br>Consta nos autos do processo que o acusado havia contratado a v\u00edtima para atuar como sua advogada em demandas na Justi\u00e7a. No entanto, devido a diverg\u00eancias entre as partes, houve a ren\u00fancia do mandato e, em seguida, o requerido passou a utilizar suas redes sociais para publicar conte\u00fado ofensivo ao trabalho da autora, que chegou a repercutir dentro da categoria profissional.<br>O juiz do caso, Frederico dos Santos Messias, ressaltou em sua senten\u00e7a que \u201co car\u00e1ter potencialmente difamat\u00f3rio do conte\u00fado veiculado na rede social foi comprovado pelo pr\u00f3prio teor das publica\u00e7\u00f5es\u201d, e que n\u00e3o se tratou de uma mera cr\u00edtica ao trabalho da profissional: \u201cHouve acusa\u00e7\u00e3o de falta de profissionalismo, falta de \u00e9tica e falta de honestidade\u201d. Lembrou ainda que n\u00e3o existe nenhum ind\u00edcio relativo \u00e0 m\u00e1 conduta da advogada e que as publica\u00e7\u00f5es foram realizadas em um grupo na rede social com milhares de inscritos, grande parte deles advogados. \u201cComo j\u00e1 afirmado, ainda que se argumente com a veracidade dos fatos narrados pelo r\u00e9u (o que n\u00e3o restou comprovado), isso em nada afasta o dano provocado pela sua publica\u00e7\u00e3o online. Isso porque, reitere-se, restou configurado o patente abuso de direito, como objetivo de denegrir e ofender a honra e a imagem da requerente.\u201d<br>Cabe recurso da decis\u00e3o.<\/p>\n\n\n\n<p>Processo n\u00ba&nbsp;<a href=\"https:\/\/esaj.tjsp.jus.br\/cpopg\/show.do?processo.codigo=FM000V9P10000&amp;processo.foro=562&amp;processo.numero=1028747-37.2022.8.26.0562\">1028747-37.2022.8.26.0562<\/a><\/p>\n\n\n\n<p>Comunica\u00e7\u00e3o Social TJSP \u2013&nbsp;GC (texto) \/ Internet (foto)&nbsp;<br><a href=\"mailto:imprensatj@tjsp.jus.br\">imprensatj@tjsp.jus.br<\/a><\/p>\n\n\n\n<p><a href=\"https:\/\/www.tjsp.jus.br\/Noticias\/Noticia?codigoNoticia=88727&amp;fbclid=IwAR1kH1wUIBbF2DYijfGGw8dBFbmvTJKKvsg6kXa52-daZKjq7OV2FdP-w-Q#.Y-UPHMKBBLQ.facebook\">https:\/\/www.tjsp.jus.br\/Noticias\/Noticia?codigoNoticia=88727&amp;fbclid=IwAR1kH1wUIBbF2DYijfGGw8dBFbmvTJKKvsg6kXa52-daZKjq7OV2FdP-w-Q#.Y-UPHMKBBLQ.facebook<\/a><\/p>\n","protected":false},"excerpt":{"rendered":"<p class=\"tx-excerpt\">Decis\u00e3o da Justi\u00e7a de Santos. A 4\u00aa Vara C\u00edvel da Comarca de Santos condenou um homem a pagar indeniza\u00e7\u00e3o por danos morais fixada em R$ 10 mil devido \u00e0 divulga\u00e7\u00e3o de conte\u00fado difamat\u00f3rio","protected":false},"author":1,"featured_media":1647,"comment_status":"open","ping_status":"open","sticky":false,"template":"","format":"standard","meta":{"om_disable_all_campaigns":false,"_monsterinsights_skip_tracking":false,"_monsterinsights_sitenote_active":false,"_monsterinsights_sitenote_note":"","_monsterinsights_sitenote_category":0,"footnotes":""},"categories":[22,23],"tags":[],"class_list":["post-1435","post","type-post","status-publish","format-standard","has-post-thumbnail","hentry","category-noticias","category-videos"],"aioseo_notices":[],"_links":{"self":[{"href":"https:\/\/rodriguesfaria.adv.br\/novo\/wp-json\/wp\/v2\/posts\/1435","targetHints":{"allow":["GET"]}}],"collection":[{"href":"https:\/\/rodriguesfaria.adv.br\/novo\/wp-json\/wp\/v2\/posts"}],"about":[{"href":"https:\/\/rodriguesfaria.adv.br\/novo\/wp-json\/wp\/v2\/types\/post"}],"author":[{"embeddable":true,"href":"https:\/\/rodriguesfaria.adv.br\/novo\/wp-json\/wp\/v2\/users\/1"}],"replies":[{"embeddable":true,"href":"https:\/\/rodriguesfaria.adv.br\/novo\/wp-json\/wp\/v2\/comments?post=1435"}],"version-history":[{"count":1,"href":"https:\/\/rodriguesfaria.adv.br\/novo\/wp-json\/wp\/v2\/posts\/1435\/revisions"}],"predecessor-version":[{"id":1438,"href":"https:\/\/rodriguesfaria.adv.br\/novo\/wp-json\/wp\/v2\/posts\/1435\/revisions\/1438"}],"wp:featuredmedia":[{"embeddable":true,"href":"https:\/\/rodriguesfaria.adv.br\/novo\/wp-json\/wp\/v2\/media\/1647"}],"wp:attachment":[{"href":"https:\/\/rodriguesfaria.adv.br\/novo\/wp-json\/wp\/v2\/media?parent=1435"}],"wp:term":[{"taxonomy":"category","embeddable":true,"href":"https:\/\/rodriguesfaria.adv.br\/novo\/wp-json\/wp\/v2\/categories?post=1435"},{"taxonomy":"post_tag","embeddable":true,"href":"https:\/\/rodriguesfaria.adv.br\/novo\/wp-json\/wp\/v2\/tags?post=1435"}],"curies":[{"name":"wp","href":"https:\/\/api.w.org\/{rel}","templated":true}]}}