{"id":1217,"date":"2017-09-28T13:27:40","date_gmt":"2017-09-28T16:27:40","guid":{"rendered":"http:\/\/www.rodriguesfaria.adv.br\/?p=1217"},"modified":"2017-09-28T13:27:40","modified_gmt":"2017-09-28T16:27:40","slug":"maltratar-animais-tem-pena-de-reclusao-de-ate-um-mes","status":"publish","type":"post","link":"https:\/\/rodriguesfaria.adv.br\/novo\/maltratar-animais-tem-pena-de-reclusao-de-ate-um-mes\/","title":{"rendered":"Maltratar animais tem pena de reclus\u00e3o de at\u00e9 um m\u00eas"},"content":{"rendered":"<p>O tratamento cruel aos animais ou submiss\u00e3o deles \u00e9 crime, segundo o Decreto-lei 3688\/41, que estabelece pena de 10 a um m\u00eas de reclus\u00e3o e multa. Saiba mais sobre a lei:\u00a0<a href=\"http:\/\/bit.ly\/1U2PfLP\" rel=\"noopener nofollow\" target=\"_blank\" data-lynx-mode=\"async\" data-lynx-uri=\"https:\/\/l.facebook.com\/l.php?u=http%3A%2F%2Fbit.ly%2F1U2PfLP&amp;h=ATMDErYwDH_dye6cLSe1NpW1IKaQy96DcmlX3THwPCpVSnX1F7rQEFysULjOcyQP4bFdjwj3WIe5egT8SNB1AaH4xc8Wp-C7B-sasGlC5EEF3dI-z2N6EyrTq-vmy9S3PFQhokoz3JOXDoGwsA5VPqAbAXbjYOwSTyL1ZCPuSg9oEmQYQwjlX8tLNjZ-lrFHMlD2iqTOSVmPzwR4VnFx1vS034HLZ3cW6bGrGg9C4jJ_VISRxw2Y\">http:\/\/bit.ly\/1U2PfLP<\/a><\/p>\n<div id=\"fbPhotoSnowliftProductsTagList\"><\/div>\n<div id=\"fbPhotoSnowliftProductTags\"><\/div>\n","protected":false},"excerpt":{"rendered":"<p class=\"tx-excerpt\">O tratamento cruel aos animais ou submiss\u00e3o deles \u00e9 crime, segundo o Decreto-lei 3688\/41, que estabelece pena de 10 a um m\u00eas de reclus\u00e3o e multa. Saiba mais sobre a lei:\u00a0http:\/\/bit.ly\/1U2PfLP<\/p>","protected":false},"author":1,"featured_media":1219,"comment_status":"open","ping_status":"open","sticky":false,"template":"","format":"standard","meta":{"om_disable_all_campaigns":false,"_monsterinsights_skip_tracking":false,"_monsterinsights_sitenote_active":false,"_monsterinsights_sitenote_note":"","_monsterinsights_sitenote_category":0,"footnotes":""},"categories":[22],"tags":[133,31,114],"class_list":["post-1217","post","type-post","status-publish","format-standard","has-post-thumbnail","hentry","category-noticias","tag-maltratar-animais-e-crime","tag-rf","tag-rf-advogados"],"aioseo_notices":[],"_links":{"self":[{"href":"https:\/\/rodriguesfaria.adv.br\/novo\/wp-json\/wp\/v2\/posts\/1217","targetHints":{"allow":["GET"]}}],"collection":[{"href":"https:\/\/rodriguesfaria.adv.br\/novo\/wp-json\/wp\/v2\/posts"}],"about":[{"href":"https:\/\/rodriguesfaria.adv.br\/novo\/wp-json\/wp\/v2\/types\/post"}],"author":[{"embeddable":true,"href":"https:\/\/rodriguesfaria.adv.br\/novo\/wp-json\/wp\/v2\/users\/1"}],"replies":[{"embeddable":true,"href":"https:\/\/rodriguesfaria.adv.br\/novo\/wp-json\/wp\/v2\/comments?post=1217"}],"version-history":[{"count":0,"href":"https:\/\/rodriguesfaria.adv.br\/novo\/wp-json\/wp\/v2\/posts\/1217\/revisions"}],"wp:featuredmedia":[{"embeddable":true,"href":"https:\/\/rodriguesfaria.adv.br\/novo\/wp-json\/"}],"wp:attachment":[{"href":"https:\/\/rodriguesfaria.adv.br\/novo\/wp-json\/wp\/v2\/media?parent=1217"}],"wp:term":[{"taxonomy":"category","embeddable":true,"href":"https:\/\/rodriguesfaria.adv.br\/novo\/wp-json\/wp\/v2\/categories?post=1217"},{"taxonomy":"post_tag","embeddable":true,"href":"https:\/\/rodriguesfaria.adv.br\/novo\/wp-json\/wp\/v2\/tags?post=1217"}],"curies":[{"name":"wp","href":"https:\/\/api.w.org\/{rel}","templated":true}]}}