{"id":1157,"date":"2017-07-24T17:56:04","date_gmt":"2017-07-24T20:56:04","guid":{"rendered":"http:\/\/www.rodriguesfaria.adv.br\/?p=1157"},"modified":"2017-07-24T17:56:04","modified_gmt":"2017-07-24T20:56:04","slug":"reforma-trabalhista-e-sancionada-qual-a-sua-opiniao","status":"publish","type":"post","link":"https:\/\/rodriguesfaria.adv.br\/novo\/reforma-trabalhista-e-sancionada-qual-a-sua-opiniao\/","title":{"rendered":"Reforma trabalhista \u00e9 sancionada. Qual a sua opini\u00e3o?"},"content":{"rendered":"<p>Na \u00faltima semana, o presidente Michel Temer sancionou o projeto de lei que altera regras da Consolida\u00e7\u00e3o das Leis do Trabalho (CLT), que entra em vigor em quatro meses. Entre alguns dos pontos alterados, est\u00e1 a possibilidade de fracionar as f\u00e9rias em at\u00e9 tr\u00eas per\u00edodos de at\u00e9 15 dias corridos, nova jornada de at\u00e9 12 horas di\u00e1rias com 36 horas de descanso e fim da contribui\u00e7\u00e3o sindical obrigat\u00f3ria. O que voc\u00ea achou da nova CLT?<\/p>\n","protected":false},"excerpt":{"rendered":"<p class=\"tx-excerpt\">Na \u00faltima semana, o presidente Michel Temer sancionou o projeto de lei que altera regras da Consolida\u00e7\u00e3o das Leis do Trabalho (CLT), que entra em vigor em quatro meses. Entre alguns dos pontos","protected":false},"author":1,"featured_media":1158,"comment_status":"open","ping_status":"open","sticky":false,"template":"","format":"standard","meta":{"om_disable_all_campaigns":false,"_monsterinsights_skip_tracking":false,"_monsterinsights_sitenote_active":false,"_monsterinsights_sitenote_note":"","_monsterinsights_sitenote_category":0,"footnotes":""},"categories":[22],"tags":[],"class_list":["post-1157","post","type-post","status-publish","format-standard","has-post-thumbnail","hentry","category-noticias"],"aioseo_notices":[],"_links":{"self":[{"href":"https:\/\/rodriguesfaria.adv.br\/novo\/wp-json\/wp\/v2\/posts\/1157","targetHints":{"allow":["GET"]}}],"collection":[{"href":"https:\/\/rodriguesfaria.adv.br\/novo\/wp-json\/wp\/v2\/posts"}],"about":[{"href":"https:\/\/rodriguesfaria.adv.br\/novo\/wp-json\/wp\/v2\/types\/post"}],"author":[{"embeddable":true,"href":"https:\/\/rodriguesfaria.adv.br\/novo\/wp-json\/wp\/v2\/users\/1"}],"replies":[{"embeddable":true,"href":"https:\/\/rodriguesfaria.adv.br\/novo\/wp-json\/wp\/v2\/comments?post=1157"}],"version-history":[{"count":0,"href":"https:\/\/rodriguesfaria.adv.br\/novo\/wp-json\/wp\/v2\/posts\/1157\/revisions"}],"wp:featuredmedia":[{"embeddable":true,"href":"https:\/\/rodriguesfaria.adv.br\/novo\/wp-json\/"}],"wp:attachment":[{"href":"https:\/\/rodriguesfaria.adv.br\/novo\/wp-json\/wp\/v2\/media?parent=1157"}],"wp:term":[{"taxonomy":"category","embeddable":true,"href":"https:\/\/rodriguesfaria.adv.br\/novo\/wp-json\/wp\/v2\/categories?post=1157"},{"taxonomy":"post_tag","embeddable":true,"href":"https:\/\/rodriguesfaria.adv.br\/novo\/wp-json\/wp\/v2\/tags?post=1157"}],"curies":[{"name":"wp","href":"https:\/\/api.w.org\/{rel}","templated":true}]}}