{"id":1141,"date":"2017-07-12T17:53:07","date_gmt":"2017-07-12T20:53:07","guid":{"rendered":"http:\/\/www.rodriguesfaria.adv.br\/?p=1141"},"modified":"2017-07-12T17:53:07","modified_gmt":"2017-07-12T20:53:07","slug":"fim-da-multa-para-quem-esquecer-a-cnh-o-que-voce-acha","status":"publish","type":"post","link":"https:\/\/rodriguesfaria.adv.br\/novo\/fim-da-multa-para-quem-esquecer-a-cnh-o-que-voce-acha\/","title":{"rendered":"Fim da multa para quem esquecer a CNH. O que voc\u00ea acha?"},"content":{"rendered":"<p>No dia 21 de junho, a Comiss\u00e3o de Constitui\u00e7\u00e3o e Justi\u00e7a (CCJ) aprovou o projeto da ex-deputada Sandra Rosado e da deputada Keiko Ota (PSB-SP) que p\u00f5e fim nas multas para motoristas sem carteira de habilita\u00e7\u00e3o ou a licen\u00e7a do ve\u00edculo no momento da abordagem. A proposta determina que o agente de tr\u00e2nsito deve fazer uma consulta ao bando de dados, e quando isso n\u00e3o for poss\u00edvel, o motorista ter\u00e1 at\u00e9 30 dias para levar o documento ao \u00f3rg\u00e3o de tr\u00e2nsito respons\u00e1vel pela autua\u00e7\u00e3o para cancelar a multa. O projeto segue agora para o Senado. O que voc\u00ea acha da proposta?<\/p>\n<p>&nbsp;<\/p>\n","protected":false},"excerpt":{"rendered":"<p class=\"tx-excerpt\">No dia 21 de junho, a Comiss\u00e3o de Constitui\u00e7\u00e3o e Justi\u00e7a (CCJ) aprovou o projeto da ex-deputada Sandra Rosado e da deputada Keiko Ota (PSB-SP) que p\u00f5e fim nas multas para motoristas sem","protected":false},"author":1,"featured_media":1142,"comment_status":"open","ping_status":"open","sticky":false,"template":"","format":"standard","meta":{"om_disable_all_campaigns":false,"_monsterinsights_skip_tracking":false,"_monsterinsights_sitenote_active":false,"_monsterinsights_sitenote_note":"","_monsterinsights_sitenote_category":0,"footnotes":""},"categories":[22],"tags":[],"class_list":["post-1141","post","type-post","status-publish","format-standard","has-post-thumbnail","hentry","category-noticias"],"aioseo_notices":[],"_links":{"self":[{"href":"https:\/\/rodriguesfaria.adv.br\/novo\/wp-json\/wp\/v2\/posts\/1141","targetHints":{"allow":["GET"]}}],"collection":[{"href":"https:\/\/rodriguesfaria.adv.br\/novo\/wp-json\/wp\/v2\/posts"}],"about":[{"href":"https:\/\/rodriguesfaria.adv.br\/novo\/wp-json\/wp\/v2\/types\/post"}],"author":[{"embeddable":true,"href":"https:\/\/rodriguesfaria.adv.br\/novo\/wp-json\/wp\/v2\/users\/1"}],"replies":[{"embeddable":true,"href":"https:\/\/rodriguesfaria.adv.br\/novo\/wp-json\/wp\/v2\/comments?post=1141"}],"version-history":[{"count":0,"href":"https:\/\/rodriguesfaria.adv.br\/novo\/wp-json\/wp\/v2\/posts\/1141\/revisions"}],"wp:featuredmedia":[{"embeddable":true,"href":"https:\/\/rodriguesfaria.adv.br\/novo\/wp-json\/"}],"wp:attachment":[{"href":"https:\/\/rodriguesfaria.adv.br\/novo\/wp-json\/wp\/v2\/media?parent=1141"}],"wp:term":[{"taxonomy":"category","embeddable":true,"href":"https:\/\/rodriguesfaria.adv.br\/novo\/wp-json\/wp\/v2\/categories?post=1141"},{"taxonomy":"post_tag","embeddable":true,"href":"https:\/\/rodriguesfaria.adv.br\/novo\/wp-json\/wp\/v2\/tags?post=1141"}],"curies":[{"name":"wp","href":"https:\/\/api.w.org\/{rel}","templated":true}]}}