{"id":1136,"date":"2017-07-12T17:48:27","date_gmt":"2017-07-12T20:48:27","guid":{"rendered":"http:\/\/www.rodriguesfaria.adv.br\/?p=1136"},"modified":"2017-07-12T17:48:27","modified_gmt":"2017-07-12T20:48:27","slug":"direitos-de-quem-e-demitido-sem-justa-causa","status":"publish","type":"post","link":"https:\/\/rodriguesfaria.adv.br\/novo\/direitos-de-quem-e-demitido-sem-justa-causa\/","title":{"rendered":"Direitos de quem \u00e9 demitido sem justa causa"},"content":{"rendered":"<p>A demiss\u00e3o sem justa causa \u00e9 a dispensa sem motivo grave para o desligamento. Nesses casos, o empregado tem os seguintes direitos:<\/p>\n<p>&#8211; Saldo do sal\u00e1rio<br \/>\n&#8211; Aviso pr\u00e9vio indenizado<br \/>\n&#8211; Aviso pr\u00e9vio indenizado proporcional<br \/>\n&#8211; F\u00e9rias vencidas e 1\/3 de f\u00e9rias vencidas<br \/>\n&#8211; F\u00e9rias proporcionais e 1\/3 de f\u00e9rias proporcionais<br \/>\n&#8211; 13\u00ba sal\u00e1rio proporcional<br \/>\n&#8211; FGTS<br \/>\n&#8211; Multa de 40% sobre o saldo do FGTS<br \/>\n&#8211; Seguro desemprego (em alguns casos)<\/p>\n","protected":false},"excerpt":{"rendered":"<p class=\"tx-excerpt\">A demiss\u00e3o sem justa causa \u00e9 a dispensa sem motivo grave para o desligamento. Nesses casos, o empregado tem os seguintes direitos: &#8211; Saldo do sal\u00e1rio &#8211; Aviso pr\u00e9vio indenizado &#8211; Aviso pr\u00e9vio","protected":false},"author":1,"featured_media":1137,"comment_status":"open","ping_status":"open","sticky":false,"template":"","format":"standard","meta":{"om_disable_all_campaigns":false,"_monsterinsights_skip_tracking":false,"_monsterinsights_sitenote_active":false,"_monsterinsights_sitenote_note":"","_monsterinsights_sitenote_category":0,"footnotes":""},"categories":[22],"tags":[],"class_list":["post-1136","post","type-post","status-publish","format-standard","has-post-thumbnail","hentry","category-noticias"],"aioseo_notices":[],"_links":{"self":[{"href":"https:\/\/rodriguesfaria.adv.br\/novo\/wp-json\/wp\/v2\/posts\/1136","targetHints":{"allow":["GET"]}}],"collection":[{"href":"https:\/\/rodriguesfaria.adv.br\/novo\/wp-json\/wp\/v2\/posts"}],"about":[{"href":"https:\/\/rodriguesfaria.adv.br\/novo\/wp-json\/wp\/v2\/types\/post"}],"author":[{"embeddable":true,"href":"https:\/\/rodriguesfaria.adv.br\/novo\/wp-json\/wp\/v2\/users\/1"}],"replies":[{"embeddable":true,"href":"https:\/\/rodriguesfaria.adv.br\/novo\/wp-json\/wp\/v2\/comments?post=1136"}],"version-history":[{"count":0,"href":"https:\/\/rodriguesfaria.adv.br\/novo\/wp-json\/wp\/v2\/posts\/1136\/revisions"}],"wp:featuredmedia":[{"embeddable":true,"href":"https:\/\/rodriguesfaria.adv.br\/novo\/wp-json\/"}],"wp:attachment":[{"href":"https:\/\/rodriguesfaria.adv.br\/novo\/wp-json\/wp\/v2\/media?parent=1136"}],"wp:term":[{"taxonomy":"category","embeddable":true,"href":"https:\/\/rodriguesfaria.adv.br\/novo\/wp-json\/wp\/v2\/categories?post=1136"},{"taxonomy":"post_tag","embeddable":true,"href":"https:\/\/rodriguesfaria.adv.br\/novo\/wp-json\/wp\/v2\/tags?post=1136"}],"curies":[{"name":"wp","href":"https:\/\/api.w.org\/{rel}","templated":true}]}}